{"id":9959,"date":"2021-04-21T10:37:30","date_gmt":"2021-04-21T08:37:30","guid":{"rendered":"https:\/\/www.balance-core.com\/?p=9959"},"modified":"2024-05-15T19:51:30","modified_gmt":"2024-05-15T17:51:30","slug":"herausforderung-des-demografischen-wandels-fuer-krankenschwestern","status":"publish","type":"post","link":"https:\/\/www.balance-core.com\/de\/herausforderung-des-demografischen-wandels-fuer-krankenschwestern\/","title":{"rendered":"Herausforderung des demografischen Wandels f\u00fcr Krankenschwestern"},"content":{"rendered":"<div class=\"wpb-content-wrapper\" id=\"wpb-content-root\"><p>[vc_row full_width=&#8220;stretch_row&#8220; u_row_style=&#8220;0&#8243; u_row_paralax=&#8220;0&#8243; u_row_scheme=&#8220;0&#8243;][vc_column][vc_separator color=&#8220;custom&#8220;][\/vc_column][\/vc_row][vc_row u_row_style=&#8220;0&#8243; u_row_paralax=&#8220;0&#8243; u_row_scheme=&#8220;0&#8243; css=&#8220;.vc_custom_1648540254233{padding-bottom: 25px !important;}&#8220;][vc_column]<div id=\"ultimate-heading-82216a96c9ceba9ff\" class=\"uvc-heading ult-adjust-bottom-margin ultimate-heading-82216a96c9ceba9ff uvc-4475 \" data-hspacer=\"no_spacer\"  data-halign=\"left\" style=\"text-align:left\"><div class=\"uvc-heading-spacer no_spacer\" style=\"top\"><\/div><div class=\"uvc-main-heading ult-responsive\"  data-ultimate-target='.uvc-heading.ultimate-heading-82216a96c9ceba9ff h2'  data-responsive-json-new='{\"font-size\":\"desktop:26px;\",\"line-height\":\"\"}' ><h2 style=\"font-family:&#039;Open Sans&#039;;font-style:italic;font-weight:bold;color:#000080;margin-top:15px;margin-bottom:35px;\">Zagreb, 2010<\/h2><\/div><div class=\"uvc-sub-heading ult-responsive\"  data-ultimate-target='.uvc-heading.ultimate-heading-82216a96c9ceba9ff .uvc-sub-heading '  data-responsive-json-new='{\"font-size\":\"desktop:24px;\",\"line-height\":\"desktop:36px;\"}'  style=\"font-family:&#039;Open Sans&#039;;font-weight:300;margin-bottom:25px;\"><\/p>\n<h6>Event:<\/h6>\n<p>Kongress des kroatischen Krankenschwesternverbandes<\/p>\n<h6>Format:<\/h6>\n<p>Vortrag<\/p>\n<h6>Zusammenfassung:<\/h6>\n<p>Zu den Herausforderungen der Pflege z\u00e4hlen unter anderem der wachsende Bedarf an Kurzzeit- und vor\u00fcbergehende Pflege, die hohen Anspr\u00fcche von Dienstleistungsempf\u00e4ngern (Patienten) und der Trend zur Spezialisierung von Dienstleistungen f\u00fcr Demenz und Gerontopsychiatrie.<\/div><\/div>[\/vc_column][\/vc_row][vc_row u_row_style=&#8220;0&#8243; u_row_paralax=&#8220;0&#8243; u_row_scheme=&#8220;0&#8243;][vc_column]<div id=\"ultimate-heading-93746a96c9cebaad3\" class=\"uvc-heading ult-adjust-bottom-margin ultimate-heading-93746a96c9cebaad3 uvc-8990 \" data-hspacer=\"no_spacer\"  data-halign=\"left\" style=\"text-align:left\"><div class=\"uvc-heading-spacer no_spacer\" style=\"top\"><\/div><div class=\"uvc-main-heading ult-responsive\"  data-ultimate-target='.uvc-heading.ultimate-heading-93746a96c9cebaad3 h2'  data-responsive-json-new='{\"font-size\":\"desktop:16px;\",\"line-height\":\"\"}' ><h2 style=\"font-family:&#039;Open Sans&#039;;font-weight:normal;margin-bottom:15px;\">VORTRAGENDER: DR. MARIJAN GJUKI\u0106<\/h2><\/div><div class=\"uvc-sub-heading ult-responsive\"  data-ultimate-target='.uvc-heading.ultimate-heading-93746a96c9cebaad3 .uvc-sub-heading '  data-responsive-json-new='{\"font-size\":\"desktop:16px;\",\"line-height\":\"\"}'  style=\"font-family:&#039;Open Sans&#039;;font-weight:normal;\">ORIGINALSPRACHE \u2013 KROATISCH<\/div><\/div>[\/vc_column][\/vc_row]<\/p>\n<\/div>","protected":false},"excerpt":{"rendered":"<p>&#8230;der wachsende Bedarf an Kurzzeit- und vor\u00fcbergehende Pflege, die hohen Anspr\u00fcche von Dienstleistungsempf\u00e4ngern (Patienten) &#8230;<\/p>\n","protected":false},"author":4,"featured_media":9729,"comment_status":"closed","ping_status":"closed","sticky":false,"template":"","format":"standard","meta":{"footnotes":""},"categories":[612,615,616,623],"tags":[],"class_list":["post-9959","post","type-post","status-publish","format-standard","has-post-thumbnail","hentry","category-gesundheit-ohne-grenzen","category-moderne-gesundheit","category-tourismus-der-zukunft","category-vernunftige-burokratie"],"_links":{"self":[{"href":"https:\/\/www.balance-core.com\/de\/wp-json\/wp\/v2\/posts\/9959","targetHints":{"allow":["GET"]}}],"collection":[{"href":"https:\/\/www.balance-core.com\/de\/wp-json\/wp\/v2\/posts"}],"about":[{"href":"https:\/\/www.balance-core.com\/de\/wp-json\/wp\/v2\/types\/post"}],"author":[{"embeddable":true,"href":"https:\/\/www.balance-core.com\/de\/wp-json\/wp\/v2\/users\/4"}],"replies":[{"embeddable":true,"href":"https:\/\/www.balance-core.com\/de\/wp-json\/wp\/v2\/comments?post=9959"}],"version-history":[{"count":0,"href":"https:\/\/www.balance-core.com\/de\/wp-json\/wp\/v2\/posts\/9959\/revisions"}],"wp:featuredmedia":[{"embeddable":true,"href":"https:\/\/www.balance-core.com\/de\/wp-json\/wp\/v2\/media\/9729"}],"wp:attachment":[{"href":"https:\/\/www.balance-core.com\/de\/wp-json\/wp\/v2\/media?parent=9959"}],"wp:term":[{"taxonomy":"category","embeddable":true,"href":"https:\/\/www.balance-core.com\/de\/wp-json\/wp\/v2\/categories?post=9959"},{"taxonomy":"post_tag","embeddable":true,"href":"https:\/\/www.balance-core.com\/de\/wp-json\/wp\/v2\/tags?post=9959"}],"curies":[{"name":"wp","href":"https:\/\/api.w.org\/{rel}","templated":true}]}}