{"id":9949,"date":"2021-04-21T10:42:42","date_gmt":"2021-04-21T08:42:42","guid":{"rendered":"https:\/\/www.balance-core.com\/?p=9949"},"modified":"2024-05-15T19:51:15","modified_gmt":"2024-05-15T17:51:15","slug":"der-einfluss-des-demografischen-wandels-auf-die-rolle-des-hausarztes-in-der-gemeinschaft","status":"publish","type":"post","link":"https:\/\/www.balance-core.com\/de\/der-einfluss-des-demografischen-wandels-auf-die-rolle-des-hausarztes-in-der-gemeinschaft\/","title":{"rendered":"Der Einfluss des demografischen Wandels auf die Rolle des Hausarztes in der Gemeinschaft"},"content":{"rendered":"<div class=\"wpb-content-wrapper\" id=\"wpb-content-root\"><p>[vc_row full_width=&#8220;stretch_row&#8220; u_row_style=&#8220;0&#8243; u_row_paralax=&#8220;0&#8243; u_row_scheme=&#8220;0&#8243;][vc_column][vc_separator color=&#8220;custom&#8220;][\/vc_column][\/vc_row][vc_row u_row_style=&#8220;0&#8243; u_row_paralax=&#8220;0&#8243; u_row_scheme=&#8220;0&#8243; css=&#8220;.vc_custom_1648540254233{padding-bottom: 25px !important;}&#8220;][vc_column]<div id=\"ultimate-heading-22216a96d567e1b8e\" class=\"uvc-heading ult-adjust-bottom-margin ultimate-heading-22216a96d567e1b8e uvc-6112 \" data-hspacer=\"no_spacer\"  data-halign=\"left\" style=\"text-align:left\"><div class=\"uvc-heading-spacer no_spacer\" style=\"top\"><\/div><div class=\"uvc-main-heading ult-responsive\"  data-ultimate-target='.uvc-heading.ultimate-heading-22216a96d567e1b8e h2'  data-responsive-json-new='{\"font-size\":\"desktop:26px;\",\"line-height\":\"\"}' ><h2 style=\"font-family:&#039;Open Sans&#039;;font-style:italic;font-weight:bold;color:#000080;margin-top:15px;margin-bottom:35px;\">Rovinj, 2011<\/h2><\/div><div class=\"uvc-sub-heading ult-responsive\"  data-ultimate-target='.uvc-heading.ultimate-heading-22216a96d567e1b8e .uvc-sub-heading '  data-responsive-json-new='{\"font-size\":\"desktop:24px;\",\"line-height\":\"desktop:36px;\"}'  style=\"font-family:&#039;Open Sans&#039;;font-weight:300;margin-bottom:25px;\"><\/p>\n<h6>Event:<\/h6>\n<p>Kongress der kroatischen Gesellschaft der Haus\u00e4rzte<\/p>\n<h6>Format:<\/h6>\n<p>Vortrag<\/p>\n<h6>Zusammenfassung:<\/h6>\n<p>Die Verlagerung des Schwerpunkts der Altenpflege von der staatlichen auf die lokale Ebene und die Deinstitutionalisierung der Altenpflege sollen die Entwicklung alternativer Altenpflegeformen erm\u00f6glichen und gleichzeitig das Leben in den eigenen vier W\u00e4nden verl\u00e4ngern.<\/div><\/div>[\/vc_column][\/vc_row][vc_row u_row_style=&#8220;0&#8243; u_row_paralax=&#8220;0&#8243; u_row_scheme=&#8220;0&#8243;][vc_column]<div id=\"ultimate-heading-30296a96d567e1c61\" class=\"uvc-heading ult-adjust-bottom-margin ultimate-heading-30296a96d567e1c61 uvc-998 \" data-hspacer=\"no_spacer\"  data-halign=\"left\" style=\"text-align:left\"><div class=\"uvc-heading-spacer no_spacer\" style=\"top\"><\/div><div class=\"uvc-main-heading ult-responsive\"  data-ultimate-target='.uvc-heading.ultimate-heading-30296a96d567e1c61 h2'  data-responsive-json-new='{\"font-size\":\"desktop:16px;\",\"line-height\":\"\"}' ><h2 style=\"font-family:&#039;Open Sans&#039;;font-weight:normal;margin-bottom:15px;\">VORTRAGENDER : DR. MARIJAN GJUKI\u0106<\/h2><\/div><div class=\"uvc-sub-heading ult-responsive\"  data-ultimate-target='.uvc-heading.ultimate-heading-30296a96d567e1c61 .uvc-sub-heading '  data-responsive-json-new='{\"font-size\":\"desktop:16px;\",\"line-height\":\"\"}'  style=\"font-family:&#039;Open Sans&#039;;font-weight:normal;\">ORIGINALSPRACHE \u2013 KROATISCH<\/div><\/div>[\/vc_column][\/vc_row]<\/p>\n<\/div>","protected":false},"excerpt":{"rendered":"<p>&#8230;die Entwicklung alternativer Altenpflegeformen erm\u00f6glichen und gleichzeitig das Leben in den eigenen vier W\u00e4nden verl\u00e4ngern.<\/p>\n","protected":false},"author":4,"featured_media":9719,"comment_status":"closed","ping_status":"closed","sticky":false,"template":"","format":"standard","meta":{"footnotes":""},"categories":[611,612,615,623,624],"tags":[],"class_list":["post-9949","post","type-post","status-publish","format-standard","has-post-thumbnail","hentry","category-effektive-kommunikation","category-gesundheit-ohne-grenzen","category-moderne-gesundheit","category-vernunftige-burokratie","category-verstandliche-telemedizin"],"_links":{"self":[{"href":"https:\/\/www.balance-core.com\/de\/wp-json\/wp\/v2\/posts\/9949","targetHints":{"allow":["GET"]}}],"collection":[{"href":"https:\/\/www.balance-core.com\/de\/wp-json\/wp\/v2\/posts"}],"about":[{"href":"https:\/\/www.balance-core.com\/de\/wp-json\/wp\/v2\/types\/post"}],"author":[{"embeddable":true,"href":"https:\/\/www.balance-core.com\/de\/wp-json\/wp\/v2\/users\/4"}],"replies":[{"embeddable":true,"href":"https:\/\/www.balance-core.com\/de\/wp-json\/wp\/v2\/comments?post=9949"}],"version-history":[{"count":0,"href":"https:\/\/www.balance-core.com\/de\/wp-json\/wp\/v2\/posts\/9949\/revisions"}],"wp:featuredmedia":[{"embeddable":true,"href":"https:\/\/www.balance-core.com\/de\/wp-json\/wp\/v2\/media\/9719"}],"wp:attachment":[{"href":"https:\/\/www.balance-core.com\/de\/wp-json\/wp\/v2\/media?parent=9949"}],"wp:term":[{"taxonomy":"category","embeddable":true,"href":"https:\/\/www.balance-core.com\/de\/wp-json\/wp\/v2\/categories?post=9949"},{"taxonomy":"post_tag","embeddable":true,"href":"https:\/\/www.balance-core.com\/de\/wp-json\/wp\/v2\/tags?post=9949"}],"curies":[{"name":"wp","href":"https:\/\/api.w.org\/{rel}","templated":true}]}}