{"id":9931,"date":"2021-04-21T11:18:13","date_gmt":"2021-04-21T09:18:13","guid":{"rendered":"https:\/\/www.balance-core.com\/?p=9931"},"modified":"2024-05-15T19:51:04","modified_gmt":"2024-05-15T17:51:04","slug":"wahrheiten-und-missverstaendnisse-ueber-senioren","status":"publish","type":"post","link":"https:\/\/www.balance-core.com\/de\/wahrheiten-und-missverstaendnisse-ueber-senioren\/","title":{"rendered":"Wahrheiten und Missverst\u00e4ndnisse \u00fcber Senioren"},"content":{"rendered":"<div class=\"wpb-content-wrapper\" id=\"wpb-content-root\"><p>[vc_row full_width=&#8220;stretch_row&#8220; u_row_style=&#8220;0&#8243; u_row_paralax=&#8220;0&#8243; u_row_scheme=&#8220;0&#8243;][vc_column][vc_separator color=&#8220;custom&#8220;][\/vc_column][\/vc_row][vc_row u_row_style=&#8220;0&#8243; u_row_paralax=&#8220;0&#8243; u_row_scheme=&#8220;0&#8243; css=&#8220;.vc_custom_1648540254233{padding-bottom: 25px !important;}&#8220;][vc_column]<div id=\"ultimate-heading-92116a984509c5b90\" class=\"uvc-heading ult-adjust-bottom-margin ultimate-heading-92116a984509c5b90 uvc-3615 \" data-hspacer=\"no_spacer\"  data-halign=\"left\" style=\"text-align:left\"><div class=\"uvc-heading-spacer no_spacer\" style=\"top\"><\/div><div class=\"uvc-main-heading ult-responsive\"  data-ultimate-target='.uvc-heading.ultimate-heading-92116a984509c5b90 h2'  data-responsive-json-new='{\"font-size\":\"desktop:26px;\",\"line-height\":\"\"}' ><h2 style=\"font-family:&#039;Open Sans&#039;;font-style:italic;font-weight:bold;color:#000080;margin-top:15px;margin-bottom:35px;\">Pore\u010d, 2013<\/h2><\/div><div class=\"uvc-sub-heading ult-responsive\"  data-ultimate-target='.uvc-heading.ultimate-heading-92116a984509c5b90 .uvc-sub-heading '  data-responsive-json-new='{\"font-size\":\"desktop:24px;\",\"line-height\":\"desktop:36px;\"}'  style=\"font-family:&#039;Open Sans&#039;;font-weight:300;margin-bottom:25px;\"><\/p>\n<h6>Event:<\/h6>\n<p>Konferenz der Gesch\u00e4ftsf\u00fchrer \u00f6ffentlicher und privater Pflegeheimen Kroatiens<\/p>\n<h6>Format:<\/h6>\n<p>Vortrag<\/p>\n<h6>Zusammenfassung:<\/h6>\n<p>Eine der \u00c4ngste, mit denen wir fr\u00fcher oder sp\u00e4ter im Leben konfrontiert werden ist, ist: \u201eWie wird meine Pflege im Alter funktionieren? \u201cIntellektuelle und materielle Ressourcen k\u00f6nnen zum Wohle und Nutzen aller Beteiligten kapitalisiert werden. Die Initiative des Einzelnen bzw. der Familie kann effektiver sein als die starre Struktur des Systems.<\/div><\/div>[\/vc_column][\/vc_row][vc_row u_row_style=&#8220;0&#8243; u_row_paralax=&#8220;0&#8243; u_row_scheme=&#8220;0&#8243;][vc_column]<div id=\"ultimate-heading-81236a984509c5cd5\" class=\"uvc-heading ult-adjust-bottom-margin ultimate-heading-81236a984509c5cd5 uvc-5908 \" data-hspacer=\"no_spacer\"  data-halign=\"left\" style=\"text-align:left\"><div class=\"uvc-heading-spacer no_spacer\" style=\"top\"><\/div><div class=\"uvc-main-heading ult-responsive\"  data-ultimate-target='.uvc-heading.ultimate-heading-81236a984509c5cd5 h2'  data-responsive-json-new='{\"font-size\":\"desktop:16px;\",\"line-height\":\"\"}' ><h2 style=\"font-family:&#039;Open Sans&#039;;font-weight:normal;margin-bottom:15px;\">VORTRAGENDER: DR. MARIJAN GJUKI\u0106<\/h2><\/div><div class=\"uvc-sub-heading ult-responsive\"  data-ultimate-target='.uvc-heading.ultimate-heading-81236a984509c5cd5 .uvc-sub-heading '  data-responsive-json-new='{\"font-size\":\"desktop:16px;\",\"line-height\":\"\"}'  style=\"font-family:&#039;Open Sans&#039;;font-weight:normal;\">ORIGINALSPRACHE \u2013 KROATISCH<\/div><\/div>[\/vc_column][\/vc_row]<\/p>\n<\/div>","protected":false},"excerpt":{"rendered":"<p>Die Initiative des Einzelnen bzw. der Familie kann effektiver sein als die starre Struktur des Systems. <\/p>\n","protected":false},"author":4,"featured_media":9702,"comment_status":"closed","ping_status":"closed","sticky":false,"template":"","format":"standard","meta":{"footnotes":""},"categories":[610,612,613,614,621],"tags":[],"class_list":["post-9931","post","type-post","status-publish","format-standard","has-post-thumbnail","hentry","category-dynamischer-ruhestand","category-gesundheit-ohne-grenzen","category-innovatives-wohnen","category-kluge-investitionen","category-vermogenswerte-im-ruhestand"],"_links":{"self":[{"href":"https:\/\/www.balance-core.com\/de\/wp-json\/wp\/v2\/posts\/9931","targetHints":{"allow":["GET"]}}],"collection":[{"href":"https:\/\/www.balance-core.com\/de\/wp-json\/wp\/v2\/posts"}],"about":[{"href":"https:\/\/www.balance-core.com\/de\/wp-json\/wp\/v2\/types\/post"}],"author":[{"embeddable":true,"href":"https:\/\/www.balance-core.com\/de\/wp-json\/wp\/v2\/users\/4"}],"replies":[{"embeddable":true,"href":"https:\/\/www.balance-core.com\/de\/wp-json\/wp\/v2\/comments?post=9931"}],"version-history":[{"count":0,"href":"https:\/\/www.balance-core.com\/de\/wp-json\/wp\/v2\/posts\/9931\/revisions"}],"wp:featuredmedia":[{"embeddable":true,"href":"https:\/\/www.balance-core.com\/de\/wp-json\/wp\/v2\/media\/9702"}],"wp:attachment":[{"href":"https:\/\/www.balance-core.com\/de\/wp-json\/wp\/v2\/media?parent=9931"}],"wp:term":[{"taxonomy":"category","embeddable":true,"href":"https:\/\/www.balance-core.com\/de\/wp-json\/wp\/v2\/categories?post=9931"},{"taxonomy":"post_tag","embeddable":true,"href":"https:\/\/www.balance-core.com\/de\/wp-json\/wp\/v2\/tags?post=9931"}],"curies":[{"name":"wp","href":"https:\/\/api.w.org\/{rel}","templated":true}]}}