{"id":9906,"date":"2021-04-21T11:42:02","date_gmt":"2021-04-21T09:42:02","guid":{"rendered":"https:\/\/www.balance-core.com\/?p=9906"},"modified":"2024-05-15T19:50:51","modified_gmt":"2024-05-15T17:50:51","slug":"grenzueberschreitende-gesundheitsversorgung-in-europa","status":"publish","type":"post","link":"https:\/\/www.balance-core.com\/de\/grenzueberschreitende-gesundheitsversorgung-in-europa\/","title":{"rendered":"Grenz\u00fcberschreitende Gesundheitsversorgung in Europa"},"content":{"rendered":"<div class=\"wpb-content-wrapper\" id=\"wpb-content-root\"><p>[vc_row full_width=&#8220;stretch_row&#8220; u_row_style=&#8220;0&#8243; u_row_paralax=&#8220;0&#8243; u_row_scheme=&#8220;0&#8243;][vc_column][vc_separator color=&#8220;custom&#8220;][\/vc_column][\/vc_row][vc_row u_row_style=&#8220;0&#8243; u_row_paralax=&#8220;0&#8243; u_row_scheme=&#8220;0&#8243; css=&#8220;.vc_custom_1648540254233{padding-bottom: 25px !important;}&#8220;][vc_column]<div id=\"ultimate-heading-17026a96c9a229c00\" class=\"uvc-heading ult-adjust-bottom-margin ultimate-heading-17026a96c9a229c00 uvc-6202 \" data-hspacer=\"no_spacer\"  data-halign=\"left\" style=\"text-align:left\"><div class=\"uvc-heading-spacer no_spacer\" style=\"top\"><\/div><div class=\"uvc-main-heading ult-responsive\"  data-ultimate-target='.uvc-heading.ultimate-heading-17026a96c9a229c00 h2'  data-responsive-json-new='{\"font-size\":\"desktop:26px;\",\"line-height\":\"\"}' ><h2 style=\"font-family:&#039;Open Sans&#039;;font-style:italic;font-weight:bold;color:#000080;margin-top:15px;margin-bottom:35px;\">Br\u00fcssel, 2015<\/h2><\/div><div class=\"uvc-sub-heading ult-responsive\"  data-ultimate-target='.uvc-heading.ultimate-heading-17026a96c9a229c00 .uvc-sub-heading '  data-responsive-json-new='{\"font-size\":\"desktop:24px;\",\"line-height\":\"desktop:36px;\"}'  style=\"font-family:&#039;Open Sans&#039;;font-weight:300;margin-bottom:25px;\"><\/p>\n<h6>Event:<\/h6>\n<p>Forum: Verbesserung der Transparenz und Patientenmobilit\u00e4t<\/p>\n<h6>Format:<\/h6>\n<p>Forum<\/p>\n<h6>Zusammenfassung:<\/h6>\n<p>Eine Arbeitsgruppe unparteiischer Experten aus fast allen EU-Mitgliedstaaten hat die Auswirkungen der Resolution und der Richtlinie \u00fcber grenz\u00fcberschreitende Gesundheitsversorgung rekapituliert. Die Ergebnisse nach zweij\u00e4hriger Anwendung waren verheerend. Die Rechte der Patienten auf freie Wahl hielten sich nicht in den gew\u00fcnschten Grenzen.<\/div><\/div>[\/vc_column][\/vc_row][vc_row u_row_style=&#8220;0&#8243; u_row_paralax=&#8220;0&#8243; u_row_scheme=&#8220;0&#8243;][vc_column]<div id=\"ultimate-heading-93546a96c9a229cd5\" class=\"uvc-heading ult-adjust-bottom-margin ultimate-heading-93546a96c9a229cd5 uvc-6366 \" data-hspacer=\"no_spacer\"  data-halign=\"left\" style=\"text-align:left\"><div class=\"uvc-heading-spacer no_spacer\" style=\"top\"><\/div><div class=\"uvc-main-heading ult-responsive\"  data-ultimate-target='.uvc-heading.ultimate-heading-93546a96c9a229cd5 h2'  data-responsive-json-new='{\"font-size\":\"desktop:16px;\",\"line-height\":\"\"}' ><h2 style=\"font-family:&#039;Open Sans&#039;;font-weight:normal;margin-bottom:15px;\">TEILNEHMER DER ARBEITSGRUPPE: DR. MARIJAN GJUKI\u0106<\/h2><\/div><div class=\"uvc-sub-heading ult-responsive\"  data-ultimate-target='.uvc-heading.ultimate-heading-93546a96c9a229cd5 .uvc-sub-heading '  data-responsive-json-new='{\"font-size\":\"desktop:16px;\",\"line-height\":\"\"}'  style=\"font-family:&#039;Open Sans&#039;;font-weight:normal;\">ORIGINALSPRACHE \u2013 ENGLISCH<\/div><\/div>[\/vc_column][\/vc_row]<\/p>\n<\/div>","protected":false},"excerpt":{"rendered":"<p>Die Ergebnisse nach zweij\u00e4hriger Anwendung waren verheerend. Die Rechte der Patienten auf freie Wahl hielten sich nicht in den gew\u00fcnschten Grenzen. <\/p>\n","protected":false},"author":4,"featured_media":9914,"comment_status":"closed","ping_status":"closed","sticky":false,"template":"","format":"standard","meta":{"footnotes":""},"categories":[611,612,615,623],"tags":[],"class_list":["post-9906","post","type-post","status-publish","format-standard","has-post-thumbnail","hentry","category-effektive-kommunikation","category-gesundheit-ohne-grenzen","category-moderne-gesundheit","category-vernunftige-burokratie"],"_links":{"self":[{"href":"https:\/\/www.balance-core.com\/de\/wp-json\/wp\/v2\/posts\/9906","targetHints":{"allow":["GET"]}}],"collection":[{"href":"https:\/\/www.balance-core.com\/de\/wp-json\/wp\/v2\/posts"}],"about":[{"href":"https:\/\/www.balance-core.com\/de\/wp-json\/wp\/v2\/types\/post"}],"author":[{"embeddable":true,"href":"https:\/\/www.balance-core.com\/de\/wp-json\/wp\/v2\/users\/4"}],"replies":[{"embeddable":true,"href":"https:\/\/www.balance-core.com\/de\/wp-json\/wp\/v2\/comments?post=9906"}],"version-history":[{"count":0,"href":"https:\/\/www.balance-core.com\/de\/wp-json\/wp\/v2\/posts\/9906\/revisions"}],"wp:featuredmedia":[{"embeddable":true,"href":"https:\/\/www.balance-core.com\/de\/wp-json\/wp\/v2\/media\/9914"}],"wp:attachment":[{"href":"https:\/\/www.balance-core.com\/de\/wp-json\/wp\/v2\/media?parent=9906"}],"wp:term":[{"taxonomy":"category","embeddable":true,"href":"https:\/\/www.balance-core.com\/de\/wp-json\/wp\/v2\/categories?post=9906"},{"taxonomy":"post_tag","embeddable":true,"href":"https:\/\/www.balance-core.com\/de\/wp-json\/wp\/v2\/tags?post=9906"}],"curies":[{"name":"wp","href":"https:\/\/api.w.org\/{rel}","templated":true}]}}