{"id":9891,"date":"2021-04-21T11:55:44","date_gmt":"2021-04-21T09:55:44","guid":{"rendered":"https:\/\/www.balance-core.com\/?p=9891"},"modified":"2024-05-15T19:50:38","modified_gmt":"2024-05-15T17:50:38","slug":"lernen-durch-bewegung-fuer-die-gesundheit","status":"publish","type":"post","link":"https:\/\/www.balance-core.com\/de\/lernen-durch-bewegung-fuer-die-gesundheit\/","title":{"rendered":"Lernen durch Bewegung f\u00fcr die Gesundheit"},"content":{"rendered":"<div class=\"wpb-content-wrapper\" id=\"wpb-content-root\"><p>[vc_row full_width=&#8220;stretch_row&#8220; u_row_style=&#8220;0&#8243; u_row_paralax=&#8220;0&#8243; u_row_scheme=&#8220;0&#8243;][vc_column][vc_separator color=&#8220;custom&#8220;][\/vc_column][\/vc_row][vc_row u_row_style=&#8220;0&#8243; u_row_paralax=&#8220;0&#8243; u_row_scheme=&#8220;0&#8243; css=&#8220;.vc_custom_1648540254233{padding-bottom: 25px !important;}&#8220;][vc_column]<div id=\"ultimate-heading-87676a96c999e5f21\" class=\"uvc-heading ult-adjust-bottom-margin ultimate-heading-87676a96c999e5f21 uvc-9258 \" data-hspacer=\"no_spacer\"  data-halign=\"left\" style=\"text-align:left\"><div class=\"uvc-heading-spacer no_spacer\" style=\"top\"><\/div><div class=\"uvc-main-heading ult-responsive\"  data-ultimate-target='.uvc-heading.ultimate-heading-87676a96c999e5f21 h2'  data-responsive-json-new='{\"font-size\":\"desktop:26px;\",\"line-height\":\"\"}' ><h2 style=\"font-family:&#039;Open Sans&#039;;font-style:italic;font-weight:bold;color:#000080;margin-top:15px;margin-bottom:35px;\">Kraljevica, 2016<\/h2><\/div><div class=\"uvc-sub-heading ult-responsive\"  data-ultimate-target='.uvc-heading.ultimate-heading-87676a96c999e5f21 .uvc-sub-heading '  data-responsive-json-new='{\"font-size\":\"desktop:24px;\",\"line-height\":\"desktop:36px;\"}'  style=\"font-family:&#039;Open Sans&#039;;font-weight:300;margin-bottom:25px;\"><\/p>\n<h6>Event:<\/h6>\n<p>Fachtagung: Das Meer f\u00fcr alle zug\u00e4nglich<\/p>\n<h6>Format:<\/h6>\n<p>Vortrag<\/p>\n<h6>Zusammenfassung:<\/h6>\n<p>Fehlende Informationen f\u00fcr kranke Menschen im Urlaub sind der Grund f\u00fcr die Verunsicherung vieler Patienten und deren Familien und der Grund f\u00fcr einen \u201epassiven\u201c Urlaub zu Hause.Ein Modell der interdisziplin\u00e4ren Aus- und Weiterbildung zur Erhaltung und Verbesserung der Lebensqualit\u00e4t kranker Menschen wurde vorgestellt.<\/div><\/div>[\/vc_column][\/vc_row][vc_row u_row_style=&#8220;0&#8243; u_row_paralax=&#8220;0&#8243; u_row_scheme=&#8220;0&#8243;][vc_column]<div id=\"ultimate-heading-87396a96c999e5fe3\" class=\"uvc-heading ult-adjust-bottom-margin ultimate-heading-87396a96c999e5fe3 uvc-3977 \" data-hspacer=\"no_spacer\"  data-halign=\"left\" style=\"text-align:left\"><div class=\"uvc-heading-spacer no_spacer\" style=\"top\"><\/div><div class=\"uvc-main-heading ult-responsive\"  data-ultimate-target='.uvc-heading.ultimate-heading-87396a96c999e5fe3 h2'  data-responsive-json-new='{\"font-size\":\"desktop:16px;\",\"line-height\":\"\"}' ><h2 style=\"font-family:&#039;Open Sans&#039;;font-weight:normal;margin-bottom:15px;\">VORTRAGENDER: DR. MARIJAN GJUKI\u0106<\/h2><\/div><div class=\"uvc-sub-heading ult-responsive\"  data-ultimate-target='.uvc-heading.ultimate-heading-87396a96c999e5fe3 .uvc-sub-heading '  data-responsive-json-new='{\"font-size\":\"desktop:16px;\",\"line-height\":\"\"}'  style=\"font-family:&#039;Open Sans&#039;;font-weight:normal;\">ORIGINALSPRACHE \u2013 KROATISCH<\/div><\/div>[\/vc_column][\/vc_row]<\/p>\n<\/div>","protected":false},"excerpt":{"rendered":"<p>Ein Modell der interdisziplin\u00e4ren Aus- und Weiterbildung zur Erhaltung und Verbesserung der Lebensqualit\u00e4t &#8230;<\/p>\n","protected":false},"author":4,"featured_media":9664,"comment_status":"closed","ping_status":"closed","sticky":false,"template":"","format":"standard","meta":{"footnotes":""},"categories":[610,611,615,616],"tags":[],"class_list":["post-9891","post","type-post","status-publish","format-standard","has-post-thumbnail","hentry","category-dynamischer-ruhestand","category-effektive-kommunikation","category-moderne-gesundheit","category-tourismus-der-zukunft"],"_links":{"self":[{"href":"https:\/\/www.balance-core.com\/de\/wp-json\/wp\/v2\/posts\/9891","targetHints":{"allow":["GET"]}}],"collection":[{"href":"https:\/\/www.balance-core.com\/de\/wp-json\/wp\/v2\/posts"}],"about":[{"href":"https:\/\/www.balance-core.com\/de\/wp-json\/wp\/v2\/types\/post"}],"author":[{"embeddable":true,"href":"https:\/\/www.balance-core.com\/de\/wp-json\/wp\/v2\/users\/4"}],"replies":[{"embeddable":true,"href":"https:\/\/www.balance-core.com\/de\/wp-json\/wp\/v2\/comments?post=9891"}],"version-history":[{"count":0,"href":"https:\/\/www.balance-core.com\/de\/wp-json\/wp\/v2\/posts\/9891\/revisions"}],"wp:featuredmedia":[{"embeddable":true,"href":"https:\/\/www.balance-core.com\/de\/wp-json\/wp\/v2\/media\/9664"}],"wp:attachment":[{"href":"https:\/\/www.balance-core.com\/de\/wp-json\/wp\/v2\/media?parent=9891"}],"wp:term":[{"taxonomy":"category","embeddable":true,"href":"https:\/\/www.balance-core.com\/de\/wp-json\/wp\/v2\/categories?post=9891"},{"taxonomy":"post_tag","embeddable":true,"href":"https:\/\/www.balance-core.com\/de\/wp-json\/wp\/v2\/tags?post=9891"}],"curies":[{"name":"wp","href":"https:\/\/api.w.org\/{rel}","templated":true}]}}